{"id":19,"count":4,"description":"Nelson Pitre nos presenta informaci\u00f3n y opiniones sobre el desarrollo y difusi\u00f3n de la Reina del Folklore basado en su experiencia como locutor, m\u00fasico, mel\u00f3mano y gaitero. Desde el Estado Aragua y en su columna \u201cAl Son de la Gaita\u201d publicada semanalmente en el diario \u201cEl Periodiquito\u201d, tambi\u00e9n nos lleva a lo m\u00e1s variado del acontecer Gaitero Nacional y Regional. Comentarios, an\u00e9cdotas, apoyo a las agrupaciones noveles, int\u00e9rpretes y compositores que le han dado vida a Nuestra Gaita en todos los tiempos! As\u00ed que, como siempre\u2026\u2026\u2026 No Hay Falla!","link":"https:\/\/nuestragaita.com\/?cat=19","name":"Al Son de la Gaita","slug":"alsondelagaita","taxonomy":"category","parent":30,"meta":[],"_links":{"self":[{"href":"https:\/\/nuestragaita.com\/index.php?rest_route=\/wp\/v2\/categories\/19"}],"collection":[{"href":"https:\/\/nuestragaita.com\/index.php?rest_route=\/wp\/v2\/categories"}],"about":[{"href":"https:\/\/nuestragaita.com\/index.php?rest_route=\/wp\/v2\/taxonomies\/category"}],"up":[{"embeddable":true,"href":"https:\/\/nuestragaita.com\/index.php?rest_route=\/wp\/v2\/categories\/30"}],"wp:post_type":[{"href":"https:\/\/nuestragaita.com\/index.php?rest_route=%2Fwp%2Fv2%2Fposts&categories=19"}],"curies":[{"name":"wp","href":"https:\/\/api.w.org\/{rel}","templated":true}]}}