{"id":1029,"date":"2012-12-02T09:20:36","date_gmt":"2012-12-02T09:20:36","guid":{"rendered":"http:\/\/nuestragaita.com\/?p=1029"},"modified":"2012-12-02T14:25:36","modified_gmt":"2012-12-02T14:25:36","slug":"compositor-caraqueno-de-mayor-proyeccion","status":"publish","type":"post","link":"https:\/\/nuestragaita.com\/?p=1029","title":{"rendered":"Chiquinquir\u00e1 Premi\u00f3 a la Gaita"},"content":{"rendered":"<div class=\"mceTemp\" draggable=\"\">\n<dl id=\"attachment_1030\" class=\"wp-caption alignleft\" style=\"width: 421px;\">\n<dt class=\"wp-caption-dt\"><a href=\"https:\/\/nuestragaita.com\/wp-content\/uploads\/2012\/12\/NEILO-NARVAEZ-3.jpg\"><img loading=\"lazy\" decoding=\"async\" data-attachment-id=\"1030\" data-permalink=\"https:\/\/nuestragaita.com\/?attachment_id=1030\" data-orig-file=\"https:\/\/nuestragaita.com\/wp-content\/uploads\/2012\/12\/NEILO-NARVAEZ-3.jpg\" data-orig-size=\"858,552\" data-comments-opened=\"1\" data-image-meta=\"{&quot;aperture&quot;:&quot;5&quot;,&quot;credit&quot;:&quot;Picasa&quot;,&quot;camera&quot;:&quot;KODAK EASYSHARE Camera, M522&quot;,&quot;caption&quot;:&quot;&quot;,&quot;created_timestamp&quot;:&quot;1354313678&quot;,&quot;copyright&quot;:&quot;&quot;,&quot;focal_length&quot;:&quot;9.3&quot;,&quot;iso&quot;:&quot;320&quot;,&quot;shutter_speed&quot;:&quot;0.02&quot;,&quot;title&quot;:&quot;&quot;}\" data-image-title=\"NEILO NARVAEZ 3\" data-image-description=\"\" data-medium-file=\"https:\/\/nuestragaita.com\/wp-content\/uploads\/2012\/12\/NEILO-NARVAEZ-3-300x193.jpg\" data-large-file=\"https:\/\/nuestragaita.com\/wp-content\/uploads\/2012\/12\/NEILO-NARVAEZ-3.jpg\" src=\"https:\/\/nuestragaita.com\/wp-content\/uploads\/2012\/12\/NEILO-NARVAEZ-3.jpg\" title=\"NEILO NARVAEZ 3\" class=\" wp-image-1030\" height=\"264\" width=\"411\" srcset=\"https:\/\/nuestragaita.com\/wp-content\/uploads\/2012\/12\/NEILO-NARVAEZ-3.jpg 858w, https:\/\/nuestragaita.com\/wp-content\/uploads\/2012\/12\/NEILO-NARVAEZ-3-300x193.jpg 300w\" sizes=\"(max-width: 411px) 100vw, 411px\" \/><\/a><\/dt>\n<dd class=\"wp-caption-dd\">Neilo Narv\u00e1ez recibe el Chiquinquir\u00e1 de Platino<\/dd>\n<\/dl>\n<\/div>\n<p>El Chiquinquir\u00e1 de Oro hizo su entrega el pasado viernes 30 de noviembre en las instalaciones de un reconocido hotel marabino.<\/p>\n<p>Los hermanos Gisela y Germ\u00e1n Campos Huerta, adem\u00e1s de reconocer la labor de algunos empresarios venezolanos y brindar un extraordinario show musical con excelentes agrupaciones, enaltecen el trabajo de la gaita venezolana.<\/p>\n<p>Los Chiquinquire\u00f1itos se llevaron los reconocimientos como Conjunto Gaitero Infantil del A\u00f1o y tambi\u00e9n como Solista Infantil del A\u00f1o (Jairo Hern\u00e1ndez).<\/p>\n<p>El cantautor Luis Germ\u00e1n Brice\u00f1o logr\u00f3 el Chiquinquir\u00e1 de Platino con la Gaita del a\u00f1o \u00abDo\u00f1a Casilda\u00bb que sin duda alguna ha sido una de las m\u00e1s sonadas en esta temporada a nivel nacional con su agrupaci\u00f3n \u00abLa Gaita Vieja del Saladillo\u00bb.<\/p>\n<p>Carlos Ortega recibi\u00f3 merecidamente el Chiquinquir\u00e1 de Platino \u00abPor su excelente trayectoria como productor de espacios art\u00edsticos\u00bb; Carlos ha sido siempre un caballo de lucha no solo como productor sino adem\u00e1s como conductor de espacios radiales en Maracaibo.<\/p>\n<p>Otro de los galardonados fue Neilo Narv\u00e1ez, Director del Portal NuestraGaita.Com, quien ha venido haciendo una important\u00edsima labor como compositor, por tal raz\u00f3n esta organizaci\u00f3n le otorg\u00f3 el Chiquinquir\u00e1 de Platino como \u00abCompositor Caraque\u00f1o de Mayor Proyecci\u00f3n en la Gaita Zuliana\u00bb.\u00a0 Leamos un poco sobre el trebajo de este Caraque\u00f1o que tiene m\u00e1s labor en la gaita que muchos zulianos:<\/p>\n<p style=\"text-align: left;\" align=\"center\"><b>Neilo \u00abJunior\u00bb Narv\u00e1ez<\/b><b>: Ingeniero, Locutor, Compositor y Tamborero<\/b><\/p>\n<p>Nace en la ciudad de Caracas, bajo el signo de Libra. Es Ingeniero de Sistemas egresado de la UNEXPO, Lu\u00eds Caballero Mej\u00edas de Caracas, en el a\u00f1o 2001.<\/p>\n<p>Ejecuta desde ni\u00f1o la tambora. Es Locutor egresado de la Universidad Central de Venezuela en el 2004, compositor perteneciente a la Sociedad de Autores y Compositores de Venezuela (SACVEN) desde el a\u00f1o 1996 y a la <em>American<\/em><em> <\/em><em>Society of Composers, Authors and Publishers (ASCAP) con sede en Miami, USA desde 2010.<\/em><\/p>\n<p>Creador del primer portal gaitero del pa\u00eds \u201cNuestraGaita.Com\u201d (2002) que tiene en su haber una veintena de premios y condecoraciones por su extraordinaria labor dentro y fuera del pa\u00eds. Tambi\u00e9n del primer programa radial gaitero interactivo, con el mismo nombre, que difunde gaitas desde el mes de marzo para toda el \u00e1rea Metropolitana de Caracas y para el mundo entero v\u00eda Internet (2003).<\/p>\n<p>Colaborador en la Feria de la Chinita en Madrid (2007 al 2009), tambi\u00e9n del Festival Latinoamericano de M\u00fasica Folcl\u00f3rica de Colombia (2010 &#8211; 2012), investigador de la gaita en Aruba (2008 \u2013 2009), realizador del primer video-clip de Gaitas en Par\u00eds (Francia &#8211; 2009). Pertenece a la Academia Pepsi en calidad de Jurado desde la primera entrega de los Premios Pepsi Music (2012).<\/p>\n<p>Su trabajo est\u00e1 tambi\u00e9n sustentado en el invaluable apoyo de su socio y compadre H\u00e9ctor \u201cPomponio\u201d M\u00e1rquez: Productor de Radio y TV, Investigador, Compositor y Bajista, con quien ha mantenido 10 a\u00f1os de fruct\u00edferas labores.<\/p>\n<p>Es adem\u00e1s el m\u00e1s prol\u00edfico compositor gaitero capitalino. Cuenta con agrupaciones de amplia trayectoria interpretando sus temas, como es el caso de Los Colosales de Ricardo Cepeda, el Conjunto Saladillo, Los Zagales del Padre V\u00edlchez, Las Sensacionales, Koquimba, Racoa, Kariako, Caballeros de la Gaita, Ca\u00f1a Dulce, Del Sur del Lago, Gran Gentilicio, Galenos, Los Navide\u00f1os, Parranderos LT, Esencia Gaita Genuina, Fiebre Gaitera, Gaiteritos, Entre Gaitas y Gaiteros, Chikytos de la Gaita, Gaiteros de Primacho, Sol Marabino, Saboreongo\u2019s y Yarazulia.<\/p>\n<p><strong>Algunas fotos de la entrega:<\/strong><\/p>\n<div class=\"mceTemp mceIEcenter\" draggable=\"\">\n<dl id=\"attachment_1032\" class=\"wp-caption  aligncenter\" style=\"width: 478px;\">\n<dt class=\"wp-caption-dt\"><a href=\"https:\/\/nuestragaita.com\/wp-content\/uploads\/2012\/12\/chiquinquiren\u00deitos-3\u00e7.jpg\"><img loading=\"lazy\" decoding=\"async\" data-attachment-id=\"1032\" data-permalink=\"https:\/\/nuestragaita.com\/?attachment_id=1032\" data-orig-file=\"https:\/\/nuestragaita.com\/wp-content\/uploads\/2012\/12\/chiquinquiren\u00deitos-3\u00e7.jpg\" data-orig-size=\"811,573\" data-comments-opened=\"1\" data-image-meta=\"{&quot;aperture&quot;:&quot;4&quot;,&quot;credit&quot;:&quot;Picasa&quot;,&quot;camera&quot;:&quot;KODAK EASYSHARE Camera, M522&quot;,&quot;caption&quot;:&quot;&quot;,&quot;created_timestamp&quot;:&quot;1354313038&quot;,&quot;copyright&quot;:&quot;&quot;,&quot;focal_length&quot;:&quot;6.6&quot;,&quot;iso&quot;:&quot;160&quot;,&quot;shutter_speed&quot;:&quot;0.025&quot;,&quot;title&quot;:&quot;&quot;}\" data-image-title=\"chiquinquiren\u00deitos 3\u00e7\" data-image-description=\"\" data-medium-file=\"https:\/\/nuestragaita.com\/wp-content\/uploads\/2012\/12\/chiquinquiren\u00deitos-3\u00e7-300x211.jpg\" data-large-file=\"https:\/\/nuestragaita.com\/wp-content\/uploads\/2012\/12\/chiquinquiren\u00deitos-3\u00e7.jpg\" src=\"https:\/\/nuestragaita.com\/wp-content\/uploads\/2012\/12\/chiquinquiren\u00deitos-3\u00e7.jpg\" title=\"chiquinquiren\u00deitos 3\u00e7\" class=\" wp-image-1032\" height=\"330\" width=\"468\" srcset=\"https:\/\/nuestragaita.com\/wp-content\/uploads\/2012\/12\/chiquinquiren\u00deitos-3\u00e7.jpg 811w, https:\/\/nuestragaita.com\/wp-content\/uploads\/2012\/12\/chiquinquiren\u00deitos-3\u00e7-300x211.jpg 300w\" sizes=\"(max-width: 468px) 100vw, 468px\" \/><\/a><\/dt>\n<dd class=\"wp-caption-dd\">Los Chiquinquire\u00f1itos con su reconocimiento<\/dd>\n<\/dl>\n<\/div>\n<div class=\"mceTemp mceIEcenter\" draggable=\"\">\n<dl id=\"\" class=\"wp-caption  aligncenter\" style=\"width: 362px;\">\n<dt class=\"wp-caption-dt\"><a href=\"https:\/\/nuestragaita.com\/wp-content\/uploads\/2012\/12\/luis-g-bricen\u00deo-catire-m-2.jpg\"><img loading=\"lazy\" decoding=\"async\" src=\"https:\/\/nuestragaita.com\/wp-content\/uploads\/2012\/12\/luis-g-bricen\u00deo-catire-m-2.jpg\" title=\"luis g bricen\u00deo catire m 2\" height=\"327\" width=\"352\" \/><\/a><\/dt>\n<dd class=\"wp-caption-dd\">Gisela Campos le entrega el Chiquinquir\u00e1 a Luis Germ\u00e1n Brice\u00f1o<\/dd>\n<\/dl>\n<\/div>\n<p>&nbsp;<\/p>\n<div class=\"mceTemp mceIEcenter\" draggable=\"\">\n<dl id=\"attachment_1033\" class=\"wp-caption  aligncenter\" style=\"width: 476px;\">\n<dt class=\"wp-caption-dt\"><a href=\"https:\/\/nuestragaita.com\/wp-content\/uploads\/2012\/12\/CARLOS-ORTEGA-2.jpg\"><img loading=\"lazy\" decoding=\"async\" data-attachment-id=\"1033\" data-permalink=\"https:\/\/nuestragaita.com\/?attachment_id=1033\" data-orig-file=\"https:\/\/nuestragaita.com\/wp-content\/uploads\/2012\/12\/CARLOS-ORTEGA-2.jpg\" data-orig-size=\"816,494\" data-comments-opened=\"1\" data-image-meta=\"{&quot;aperture&quot;:&quot;5&quot;,&quot;credit&quot;:&quot;Picasa&quot;,&quot;camera&quot;:&quot;KODAK EASYSHARE Camera, M522&quot;,&quot;caption&quot;:&quot;&quot;,&quot;created_timestamp&quot;:&quot;1354313720&quot;,&quot;copyright&quot;:&quot;&quot;,&quot;focal_length&quot;:&quot;9.3&quot;,&quot;iso&quot;:&quot;320&quot;,&quot;shutter_speed&quot;:&quot;0.02&quot;,&quot;title&quot;:&quot;&quot;}\" data-image-title=\"CARLOS ORTEGA 2\" data-image-description=\"\" data-medium-file=\"https:\/\/nuestragaita.com\/wp-content\/uploads\/2012\/12\/CARLOS-ORTEGA-2-300x181.jpg\" data-large-file=\"https:\/\/nuestragaita.com\/wp-content\/uploads\/2012\/12\/CARLOS-ORTEGA-2.jpg\" src=\"https:\/\/nuestragaita.com\/wp-content\/uploads\/2012\/12\/CARLOS-ORTEGA-2.jpg\" title=\"CARLOS ORTEGA 2\" class=\" wp-image-1033\" height=\"283\" width=\"466\" srcset=\"https:\/\/nuestragaita.com\/wp-content\/uploads\/2012\/12\/CARLOS-ORTEGA-2.jpg 816w, https:\/\/nuestragaita.com\/wp-content\/uploads\/2012\/12\/CARLOS-ORTEGA-2-300x181.jpg 300w\" sizes=\"(max-width: 466px) 100vw, 466px\" \/><\/a><\/dt>\n<dd class=\"wp-caption-dd\">Carlos Ortega recibe de los hermanos Gisela y Germ\u00e1n Campos<\/dd>\n<\/dl>\n<\/div>\n<p><strong>\u00a0Fotos: El\u00edas Morillo<\/strong><\/p>\n","protected":false},"excerpt":{"rendered":"Neilo Narv\u00e1ez recibe el Chiquinquir\u00e1 de Platino El Chiquinquir\u00e1 de Oro hizo su entrega el pasado viernes 30 de noviembre en las instalaciones de un reconocido hotel marabino. Los hermanos Gisela y Germ\u00e1n Campos Huerta, adem\u00e1s de reconocer la labor de algunos empresarios venezolanos y brindar un extraordinario show musical con excelentes agrupaciones, enaltecen el trabajo de la gaita venezolana. Los Chiquinquire\u00f1itos se llevaron los reconocimientos como Conjunto Gaitero Infantil del A\u00f1o y tambi\u00e9n como Solista Infantil del A\u00f1o (Jairo Hern\u00e1ndez). El cantautor Luis Germ\u00e1n Brice\u00f1o logr\u00f3 el Chiquinquir\u00e1 de Platino con la Gaita del a\u00f1o \u00abDo\u00f1a Casilda\u00bb que sin [&hellip;]","protected":false},"author":1,"featured_media":1030,"comment_status":"open","ping_status":"closed","sticky":false,"template":"","format":"standard","meta":{"spay_email":"","footnotes":"","jetpack_publicize_message":""},"categories":[3,14],"tags":[],"jetpack_featured_media_url":"https:\/\/nuestragaita.com\/wp-content\/uploads\/2012\/12\/NEILO-NARVAEZ-3.jpg","jetpack_publicize_connections":[],"jetpack_sharing_enabled":true,"jetpack_shortlink":"https:\/\/wp.me\/p5ZLAL-gB","jetpack-related-posts":[],"_links":{"self":[{"href":"https:\/\/nuestragaita.com\/index.php?rest_route=\/wp\/v2\/posts\/1029"}],"collection":[{"href":"https:\/\/nuestragaita.com\/index.php?rest_route=\/wp\/v2\/posts"}],"about":[{"href":"https:\/\/nuestragaita.com\/index.php?rest_route=\/wp\/v2\/types\/post"}],"author":[{"embeddable":true,"href":"https:\/\/nuestragaita.com\/index.php?rest_route=\/wp\/v2\/users\/1"}],"replies":[{"embeddable":true,"href":"https:\/\/nuestragaita.com\/index.php?rest_route=%2Fwp%2Fv2%2Fcomments&post=1029"}],"version-history":[{"count":9,"href":"https:\/\/nuestragaita.com\/index.php?rest_route=\/wp\/v2\/posts\/1029\/revisions"}],"predecessor-version":[{"id":1035,"href":"https:\/\/nuestragaita.com\/index.php?rest_route=\/wp\/v2\/posts\/1029\/revisions\/1035"}],"wp:featuredmedia":[{"embeddable":true,"href":"https:\/\/nuestragaita.com\/index.php?rest_route=\/wp\/v2\/media\/1030"}],"wp:attachment":[{"href":"https:\/\/nuestragaita.com\/index.php?rest_route=%2Fwp%2Fv2%2Fmedia&parent=1029"}],"wp:term":[{"taxonomy":"category","embeddable":true,"href":"https:\/\/nuestragaita.com\/index.php?rest_route=%2Fwp%2Fv2%2Fcategories&post=1029"},{"taxonomy":"post_tag","embeddable":true,"href":"https:\/\/nuestragaita.com\/index.php?rest_route=%2Fwp%2Fv2%2Ftags&post=1029"}],"curies":[{"name":"wp","href":"https:\/\/api.w.org\/{rel}","templated":true}]}}