{"id":2756,"date":"2014-02-23T11:06:13","date_gmt":"2014-02-23T15:36:13","guid":{"rendered":"http:\/\/nuestragaita.com\/?p=2756"},"modified":"2014-02-23T11:17:10","modified_gmt":"2014-02-23T15:47:10","slug":"el-chuchube-premia-la-gaita-de-caracas","status":"publish","type":"post","link":"https:\/\/nuestragaita.com\/?p=2756","title":{"rendered":"El Chuchube premia la Gaita de Caracas"},"content":{"rendered":"<div class=\"mceTemp\" draggable=\"\">\n<dl id=\"attachment_2757\" class=\"wp-caption alignleft\" style=\"width: 251px;\">\n<dt class=\"wp-caption-dt\"><a href=\"https:\/\/nuestragaita.com\/wp-content\/uploads\/2014\/02\/chuchube-2013.jpg\"><img loading=\"lazy\" decoding=\"async\" data-attachment-id=\"2757\" data-permalink=\"https:\/\/nuestragaita.com\/?attachment_id=2757\" data-orig-file=\"https:\/\/nuestragaita.com\/wp-content\/uploads\/2014\/02\/chuchube-2013.jpg\" data-orig-size=\"1840,2482\" data-comments-opened=\"1\" data-image-meta=\"{&quot;aperture&quot;:&quot;0&quot;,&quot;credit&quot;:&quot;&quot;,&quot;camera&quot;:&quot;HTC One S&quot;,&quot;caption&quot;:&quot;&quot;,&quot;created_timestamp&quot;:&quot;1393070000&quot;,&quot;copyright&quot;:&quot;&quot;,&quot;focal_length&quot;:&quot;0&quot;,&quot;iso&quot;:&quot;0&quot;,&quot;shutter_speed&quot;:&quot;0&quot;,&quot;title&quot;:&quot;&quot;}\" data-image-title=\"chuchube 2013\" data-image-description=\"\" data-medium-file=\"https:\/\/nuestragaita.com\/wp-content\/uploads\/2014\/02\/chuchube-2013-222x300.jpg\" data-large-file=\"https:\/\/nuestragaita.com\/wp-content\/uploads\/2014\/02\/chuchube-2013-759x1024.jpg\" src=\"https:\/\/nuestragaita.com\/wp-content\/uploads\/2014\/02\/chuchube-2013.jpg\" title=\"chuchube 2013\" class=\" wp-image-2757\" height=\"325\" width=\"241\" srcset=\"https:\/\/nuestragaita.com\/wp-content\/uploads\/2014\/02\/chuchube-2013.jpg 1840w, https:\/\/nuestragaita.com\/wp-content\/uploads\/2014\/02\/chuchube-2013-222x300.jpg 222w, https:\/\/nuestragaita.com\/wp-content\/uploads\/2014\/02\/chuchube-2013-759x1024.jpg 759w\" sizes=\"(max-width: 241px) 100vw, 241px\" \/><\/a><\/dt>\n<dd class=\"wp-caption-dd\">Neilo \u00abJunior\u00bb Narv\u00e1ez<\/dd>\n<\/dl>\n<\/div>\n<p type=\"_moz\">Jos\u00e9 Antonio Naveda, Presidente de la Fundaci\u00f3n Cultural y Folkl\u00f3rica Crioll\u00edsima (FUNDACRIOLLISIMA) y creador del galardon \u00abChuchube de Oro\u00bb, junto a todo el equipo de producci\u00f3n y log\u00edstica del mismo, hacen un enorme esfuerzo, que vale la pena mencionar, al premiar el talento de la m\u00fasica llanera tanto en el Edo. Falc\u00f3n como tambi\u00e9n en todo el territorio nacional.<\/p>\n<p type=\"_moz\">No conforme con eso han extendido adem\u00e1s su galard\u00f3n a otros ritmos venezolanos como por ejemplo la Gaita, en cualquier sitio donde se genere, en cualquier lugar donde merezca premiarla, d\u00e1ndole un valor agregado a su invalorable labor y motivando a todos aquellos hacedores, int\u00e9rpretes y ejecutantes de la m\u00fasica venezolana en cualquier g\u00e9nero, afirmando de esta manera su eslogan de ser \u00abEl Galard\u00f3n de Venezuela\u00bb.<\/p>\n<p type=\"_moz\">Es, sin duda, un ejemplo a la disposici\u00f3n de crecer creyendo en la m\u00fasica y la cultura venezolana.<\/p>\n<div class=\"mceTemp\" draggable=\"\">\n<dl id=\"attachment_2758\" class=\"wp-caption alignleft\" style=\"width: 254px;\">\n<dt class=\"wp-caption-dt\"><a href=\"https:\/\/nuestragaita.com\/wp-content\/uploads\/2014\/02\/chuchube-2013-pomponio.jpg\"><img loading=\"lazy\" decoding=\"async\" data-attachment-id=\"2758\" data-permalink=\"https:\/\/nuestragaita.com\/?attachment_id=2758\" data-orig-file=\"https:\/\/nuestragaita.com\/wp-content\/uploads\/2014\/02\/chuchube-2013-pomponio.jpg\" data-orig-size=\"472,474\" data-comments-opened=\"1\" data-image-meta=\"{&quot;aperture&quot;:&quot;0&quot;,&quot;credit&quot;:&quot;&quot;,&quot;camera&quot;:&quot;&quot;,&quot;caption&quot;:&quot;&quot;,&quot;created_timestamp&quot;:&quot;0&quot;,&quot;copyright&quot;:&quot;&quot;,&quot;focal_length&quot;:&quot;0&quot;,&quot;iso&quot;:&quot;0&quot;,&quot;shutter_speed&quot;:&quot;0&quot;,&quot;title&quot;:&quot;&quot;}\" data-image-title=\"chuchube 2013 pomponio\" data-image-description=\"\" data-medium-file=\"https:\/\/nuestragaita.com\/wp-content\/uploads\/2014\/02\/chuchube-2013-pomponio-298x300.jpg\" data-large-file=\"https:\/\/nuestragaita.com\/wp-content\/uploads\/2014\/02\/chuchube-2013-pomponio.jpg\" src=\"https:\/\/nuestragaita.com\/wp-content\/uploads\/2014\/02\/chuchube-2013-pomponio.jpg\" title=\"chuchube 2013 pomponio\" class=\" wp-image-2758\" height=\"244\" width=\"244\" srcset=\"https:\/\/nuestragaita.com\/wp-content\/uploads\/2014\/02\/chuchube-2013-pomponio.jpg 472w, https:\/\/nuestragaita.com\/wp-content\/uploads\/2014\/02\/chuchube-2013-pomponio-150x150.jpg 150w\" sizes=\"(max-width: 244px) 100vw, 244px\" \/><\/a><\/dt>\n<dd class=\"wp-caption-dd\">H\u00e9ctor \u00abPomponio\u00bb M\u00e1rquez<\/dd>\n<\/dl>\n<\/div>\n<p>Por segundo a\u00f1o consecutivo este galard\u00f3n de la Pen\u00ednsula de Paraguan\u00e1 enaltece al equipo de NuestraGaita.Com, H\u00e9ctor \u00abPomponio\u00bb M\u00e1rquez y Neilo \u00abJunior\u00bb Narv\u00e1ez, premi\u00e1ndolos por la labor en pro de la difusi\u00f3n y transmisi\u00f3n de la Gaita a todo el planeta, gracias a la magia de internet, lo que reafirma una vez m\u00e1s que son el equipo pionero en la proyecci\u00f3n mundial de la gaita venezolana desde hace 12 a\u00f1os.<\/p>\n<p>NuestraGaita.Com, el primer portal gaitero creado en el pa\u00eds, se puso en marcha desde Caracas en agosto del a\u00f1o 2002 luego de varios a\u00f1os de planificaci\u00f3n y proyectos. Es el portal de referencia de este g\u00e9nero a nivel mundial como bien lo refleja la organizaci\u00f3n\u00a0<a href=\"https:\/\/nuestragaita.com\/?p=1431\" title=\"NuestraGaita.Com en The World Music Central\" rel=\"bookmark\"> The World Music Central<\/a>.<\/p>\n<p>Esa es s\u00f3lo una de las muchas razones para que el \u00abChuchube\u00bb, en la entrega de diciembre 2012 le otorgara tanto a Pomponio como a Junior el \u00abChuchube de Diamante\u00bb y ahora recibieran, en una edici\u00f3n especial dedicada al Siervo de Dios Dr. Jos\u00e9 Gregorio Hern\u00e1ndez el \u00abChuchube de Platino\u00bb donde tambi\u00e9n fue reconocida la labor de otro gaitero caraque\u00f1o \u00c1lvaro G\u00f3mez Dabo\u00edn, quien tiene una larga trayectoria como cantautor en las primeras agrupaciones gaiteras de Caracas, esas que fueron escuela de las que hoy existen, adem\u00e1s es el productor del reciente y primer disco dedicado a la virgen de Chiquinquir\u00e1 grabado con la reuni\u00f3n de int\u00e9rpretes, ejecutantes y compositores de la ciudad capital. Un trabajo digno de premiar.<\/p>\n<div class=\"mceTemp\" draggable=\"\">\n<dl id=\"attachment_2784\" class=\"wp-caption alignleft\" style=\"width: 255px;\">\n<dt class=\"wp-caption-dt\"><a href=\"https:\/\/nuestragaita.com\/wp-content\/uploads\/2014\/02\/chuchube-2013-alvaro.jpg\"><img loading=\"lazy\" decoding=\"async\" data-attachment-id=\"2784\" data-permalink=\"https:\/\/nuestragaita.com\/?attachment_id=2784\" data-orig-file=\"https:\/\/nuestragaita.com\/wp-content\/uploads\/2014\/02\/chuchube-2013-alvaro.jpg\" data-orig-size=\"378,474\" data-comments-opened=\"1\" data-image-meta=\"{&quot;aperture&quot;:&quot;0&quot;,&quot;credit&quot;:&quot;&quot;,&quot;camera&quot;:&quot;&quot;,&quot;caption&quot;:&quot;&quot;,&quot;created_timestamp&quot;:&quot;0&quot;,&quot;copyright&quot;:&quot;&quot;,&quot;focal_length&quot;:&quot;0&quot;,&quot;iso&quot;:&quot;0&quot;,&quot;shutter_speed&quot;:&quot;0&quot;,&quot;title&quot;:&quot;&quot;}\" data-image-title=\"chuchube 2013 alvaro\" data-image-description=\"\" data-medium-file=\"https:\/\/nuestragaita.com\/wp-content\/uploads\/2014\/02\/chuchube-2013-alvaro-239x300.jpg\" data-large-file=\"https:\/\/nuestragaita.com\/wp-content\/uploads\/2014\/02\/chuchube-2013-alvaro.jpg\" src=\"https:\/\/nuestragaita.com\/wp-content\/uploads\/2014\/02\/chuchube-2013-alvaro.jpg\" title=\"chuchube 2013 alvaro\" class=\" wp-image-2784\" height=\"474\" width=\"245\" \/><\/a><\/dt>\n<dd class=\"wp-caption-dd\">\u00c1lvaro G\u00f3mez Dabo\u00edn<\/dd>\n<\/dl>\n<\/div>\n<p>Nos complace expresar la gratitud que desde NuestraGaita.Com sentimos con todos y cada uno de los organizadores del \u00abGalard\u00f3n de Venezuela\u00bb y muy especialmente con su creador Jos\u00e9 Antonio Naveda por tomar en cuenta el trabajo y la constancia de m\u00fasicos, compositores, locutores y un largo etc\u00e9tera, quienes hacemos todo lo que est\u00e1 a nuestro alcance y m\u00e1s con el fin de llevar nuestra m\u00fasica y nuestra cultura a todos los confines del mundo.<\/p>\n<p>Agradecidos tambi\u00e9n con nuestro hermano y amigo Francisco \u00abChico\u00bb Calles quien es parte fundamental de la Gaita en el Edo. Falc\u00f3n, uno de los grandes defensores y difusores del g\u00e9nero en esa regi\u00f3n por su apoyo incondicional de siempre.<\/p>\n<p>Un mill\u00f3n de gracias al \u00abChuchube\u00bb y ahora el compromiso por la Gaita y para la Gaita es mucho m\u00e1s grande!!!<\/p>\n<p><a href=\"https:\/\/nuestragaita.com\/wp-content\/uploads\/2014\/02\/chuchube-3-placas.jpg\"><img loading=\"lazy\" decoding=\"async\" data-attachment-id=\"2787\" data-permalink=\"https:\/\/nuestragaita.com\/?attachment_id=2787\" data-orig-file=\"https:\/\/nuestragaita.com\/wp-content\/uploads\/2014\/02\/chuchube-3-placas.jpg\" data-orig-size=\"3548,1588\" data-comments-opened=\"1\" data-image-meta=\"{&quot;aperture&quot;:&quot;3.2&quot;,&quot;credit&quot;:&quot;&quot;,&quot;camera&quot;:&quot;DSC-W710&quot;,&quot;caption&quot;:&quot;&quot;,&quot;created_timestamp&quot;:&quot;1392649123&quot;,&quot;copyright&quot;:&quot;&quot;,&quot;focal_length&quot;:&quot;5&quot;,&quot;iso&quot;:&quot;250&quot;,&quot;shutter_speed&quot;:&quot;0.0333333333333&quot;,&quot;title&quot;:&quot;&quot;}\" data-image-title=\"chuchube 3 placas\" data-image-description=\"\" data-medium-file=\"https:\/\/nuestragaita.com\/wp-content\/uploads\/2014\/02\/chuchube-3-placas-300x134.jpg\" data-large-file=\"https:\/\/nuestragaita.com\/wp-content\/uploads\/2014\/02\/chuchube-3-placas-1024x458.jpg\" src=\"https:\/\/nuestragaita.com\/wp-content\/uploads\/2014\/02\/chuchube-3-placas.jpg\" alt=\"\" title=\"chuchube 3 placas\" class=\"alignleft size-full wp-image-2787\" height=\"1588\" width=\"3548\" srcset=\"https:\/\/nuestragaita.com\/wp-content\/uploads\/2014\/02\/chuchube-3-placas.jpg 3548w, https:\/\/nuestragaita.com\/wp-content\/uploads\/2014\/02\/chuchube-3-placas-300x134.jpg 300w, https:\/\/nuestragaita.com\/wp-content\/uploads\/2014\/02\/chuchube-3-placas-1024x458.jpg 1024w\" sizes=\"(max-width: 3548px) 100vw, 3548px\" \/><\/a><\/p>\n","protected":false},"excerpt":{"rendered":"Neilo \u00abJunior\u00bb Narv\u00e1ez Jos\u00e9 Antonio Naveda, Presidente de la Fundaci\u00f3n Cultural y Folkl\u00f3rica Crioll\u00edsima (FUNDACRIOLLISIMA) y creador del galardon \u00abChuchube de Oro\u00bb, junto a todo el equipo de producci\u00f3n y log\u00edstica del mismo, hacen un enorme esfuerzo, que vale la pena mencionar, al premiar el talento de la m\u00fasica llanera tanto en el Edo. Falc\u00f3n como tambi\u00e9n en todo el territorio nacional. No conforme con eso han extendido adem\u00e1s su galard\u00f3n a otros ritmos venezolanos como por ejemplo la Gaita, en cualquier sitio donde se genere, en cualquier lugar donde merezca premiarla, d\u00e1ndole un valor agregado a su invalorable labor [&hellip;]","protected":false},"author":1,"featured_media":2787,"comment_status":"open","ping_status":"closed","sticky":false,"template":"","format":"standard","meta":{"spay_email":"","footnotes":"","jetpack_publicize_message":""},"categories":[3,14],"tags":[],"jetpack_featured_media_url":"https:\/\/nuestragaita.com\/wp-content\/uploads\/2014\/02\/chuchube-3-placas.jpg","jetpack_publicize_connections":[],"jetpack_sharing_enabled":true,"jetpack_shortlink":"https:\/\/wp.me\/p5ZLAL-Is","jetpack-related-posts":[],"_links":{"self":[{"href":"https:\/\/nuestragaita.com\/index.php?rest_route=\/wp\/v2\/posts\/2756"}],"collection":[{"href":"https:\/\/nuestragaita.com\/index.php?rest_route=\/wp\/v2\/posts"}],"about":[{"href":"https:\/\/nuestragaita.com\/index.php?rest_route=\/wp\/v2\/types\/post"}],"author":[{"embeddable":true,"href":"https:\/\/nuestragaita.com\/index.php?rest_route=\/wp\/v2\/users\/1"}],"replies":[{"embeddable":true,"href":"https:\/\/nuestragaita.com\/index.php?rest_route=%2Fwp%2Fv2%2Fcomments&post=2756"}],"version-history":[{"count":32,"href":"https:\/\/nuestragaita.com\/index.php?rest_route=\/wp\/v2\/posts\/2756\/revisions"}],"predecessor-version":[{"id":2791,"href":"https:\/\/nuestragaita.com\/index.php?rest_route=\/wp\/v2\/posts\/2756\/revisions\/2791"}],"wp:featuredmedia":[{"embeddable":true,"href":"https:\/\/nuestragaita.com\/index.php?rest_route=\/wp\/v2\/media\/2787"}],"wp:attachment":[{"href":"https:\/\/nuestragaita.com\/index.php?rest_route=%2Fwp%2Fv2%2Fmedia&parent=2756"}],"wp:term":[{"taxonomy":"category","embeddable":true,"href":"https:\/\/nuestragaita.com\/index.php?rest_route=%2Fwp%2Fv2%2Fcategories&post=2756"},{"taxonomy":"post_tag","embeddable":true,"href":"https:\/\/nuestragaita.com\/index.php?rest_route=%2Fwp%2Fv2%2Ftags&post=2756"}],"curies":[{"name":"wp","href":"https:\/\/api.w.org\/{rel}","templated":true}]}}