{"id":2812,"date":"2014-03-12T09:27:09","date_gmt":"2014-03-12T13:57:09","guid":{"rendered":"http:\/\/nuestragaita.com\/?p=2812"},"modified":"2014-03-12T09:31:28","modified_gmt":"2014-03-12T14:01:28","slug":"fallecio-ali-carrasquero","status":"publish","type":"post","link":"https:\/\/nuestragaita.com\/?p=2812","title":{"rendered":"Falleci\u00f3 Al\u00ed Carrasquero"},"content":{"rendered":"<p><a href=\"https:\/\/nuestragaita.com\/wp-content\/uploads\/2014\/03\/alicarrasquero.jpg\"><img loading=\"lazy\" decoding=\"async\" data-attachment-id=\"2814\" data-permalink=\"https:\/\/nuestragaita.com\/?attachment_id=2814\" data-orig-file=\"https:\/\/nuestragaita.com\/wp-content\/uploads\/2014\/03\/alicarrasquero.jpg\" data-orig-size=\"642,470\" data-comments-opened=\"1\" data-image-meta=\"{&quot;aperture&quot;:&quot;0&quot;,&quot;credit&quot;:&quot;&quot;,&quot;camera&quot;:&quot;&quot;,&quot;caption&quot;:&quot;&quot;,&quot;created_timestamp&quot;:&quot;0&quot;,&quot;copyright&quot;:&quot;&quot;,&quot;focal_length&quot;:&quot;0&quot;,&quot;iso&quot;:&quot;0&quot;,&quot;shutter_speed&quot;:&quot;0&quot;,&quot;title&quot;:&quot;&quot;}\" data-image-title=\"alicarrasquero\" data-image-description=\"\" data-medium-file=\"https:\/\/nuestragaita.com\/wp-content\/uploads\/2014\/03\/alicarrasquero-300x219.jpg\" data-large-file=\"https:\/\/nuestragaita.com\/wp-content\/uploads\/2014\/03\/alicarrasquero.jpg\" src=\"https:\/\/nuestragaita.com\/wp-content\/uploads\/2014\/03\/alicarrasquero.jpg\" alt=\"\" title=\"alicarrasquero\" class=\"alignleft  wp-image-2814\" height=\"185\" width=\"253\" srcset=\"https:\/\/nuestragaita.com\/wp-content\/uploads\/2014\/03\/alicarrasquero.jpg 642w, https:\/\/nuestragaita.com\/wp-content\/uploads\/2014\/03\/alicarrasquero-300x219.jpg 300w\" sizes=\"(max-width: 253px) 100vw, 253px\" \/><\/a>El Director del Gran Chiquinquir\u00e1, Al\u00ed Carrasquero, es otro de los grandes gaiteros que nos deja este primer trimestre del a\u00f1o 2014, Al\u00ed hab\u00eda sufrido hace ya unos meses un Accidente Cerebrovascular.<br \/>\nDe una extensa trayectoria gaitera, que comienza a los 10 a\u00f1os de edad, Carrasquero, da inicio a su periplo por la gaita aunado a su eterna fe por la Virgen de Chiquinquir\u00e1. Fue director de la agrupaci\u00f3n Gran Chiquinquir\u00e1, compositor y fue reconocido por muchos como \u201cel furrero de la Virgen\u201d, maestro de obras y constructor, fue un fiel defensor del folclor regional y de los tesoros culturales.<br \/>\n\u201cEl inmortal\u201d, que escribi\u00f3 junto a Antonio Leal, \u201cD\u00e9cima a los padres\u201d, tema cantado por el, acompa\u00f1an la larga lista de creaciones grabadas por su agrupaci\u00f3n junto a \u201cLa Gaita tiene bandera\u201d que fuera tema promocional para la temporada 2012.<br \/>\nDesde nuestragaita.com recordamos el \u00edmpetu y la fe con la que Al\u00ed siempre nos comentaba sobre sus proyectos para el Gran Chiquinquir\u00e1 y su imborrable fe por la Virgen de Chiquinquir\u00e1, quien lo debe tener ya a su lado eternamente. A sus familiares nuestra palabra de condolencia por tan lamentable perdida para el gremio gaitero nacional.<br \/>\nSus restos est\u00e1n siendo velados en la Capilla San Tarcisio de la capital zuliana. QEPD.<\/p>\n","protected":false},"excerpt":{"rendered":"El Director del Gran Chiquinquir\u00e1, Al\u00ed Carrasquero, es otro de los grandes gaiteros que nos deja este primer trimestre del a\u00f1o 2014, Al\u00ed hab\u00eda sufrido hace ya unos meses un Accidente Cerebrovascular. De una extensa trayectoria gaitera, que comienza a los 10 a\u00f1os de edad, Carrasquero, da inicio a su periplo por la gaita aunado a su eterna fe por la Virgen de Chiquinquir\u00e1. Fue director de la agrupaci\u00f3n Gran Chiquinquir\u00e1, compositor y fue reconocido por muchos como \u201cel furrero de la Virgen\u201d, maestro de obras y constructor, fue un fiel defensor del folclor regional y de los tesoros culturales. [&hellip;]","protected":false},"author":1,"featured_media":2814,"comment_status":"open","ping_status":"closed","sticky":false,"template":"","format":"standard","meta":{"spay_email":"","footnotes":"","jetpack_publicize_message":""},"categories":[10,3,11],"tags":[],"jetpack_featured_media_url":"https:\/\/nuestragaita.com\/wp-content\/uploads\/2014\/03\/alicarrasquero.jpg","jetpack_publicize_connections":[],"jetpack_sharing_enabled":true,"jetpack_shortlink":"https:\/\/wp.me\/p5ZLAL-Jm","jetpack-related-posts":[],"_links":{"self":[{"href":"https:\/\/nuestragaita.com\/index.php?rest_route=\/wp\/v2\/posts\/2812"}],"collection":[{"href":"https:\/\/nuestragaita.com\/index.php?rest_route=\/wp\/v2\/posts"}],"about":[{"href":"https:\/\/nuestragaita.com\/index.php?rest_route=\/wp\/v2\/types\/post"}],"author":[{"embeddable":true,"href":"https:\/\/nuestragaita.com\/index.php?rest_route=\/wp\/v2\/users\/1"}],"replies":[{"embeddable":true,"href":"https:\/\/nuestragaita.com\/index.php?rest_route=%2Fwp%2Fv2%2Fcomments&post=2812"}],"version-history":[{"count":3,"href":"https:\/\/nuestragaita.com\/index.php?rest_route=\/wp\/v2\/posts\/2812\/revisions"}],"predecessor-version":[{"id":2816,"href":"https:\/\/nuestragaita.com\/index.php?rest_route=\/wp\/v2\/posts\/2812\/revisions\/2816"}],"wp:featuredmedia":[{"embeddable":true,"href":"https:\/\/nuestragaita.com\/index.php?rest_route=\/wp\/v2\/media\/2814"}],"wp:attachment":[{"href":"https:\/\/nuestragaita.com\/index.php?rest_route=%2Fwp%2Fv2%2Fmedia&parent=2812"}],"wp:term":[{"taxonomy":"category","embeddable":true,"href":"https:\/\/nuestragaita.com\/index.php?rest_route=%2Fwp%2Fv2%2Fcategories&post=2812"},{"taxonomy":"post_tag","embeddable":true,"href":"https:\/\/nuestragaita.com\/index.php?rest_route=%2Fwp%2Fv2%2Ftags&post=2812"}],"curies":[{"name":"wp","href":"https:\/\/api.w.org\/{rel}","templated":true}]}}