{"id":3530,"date":"2014-10-09T20:42:50","date_gmt":"2014-10-10T01:12:50","guid":{"rendered":"http:\/\/nuestragaita.com\/?p=3530"},"modified":"2014-10-09T20:42:50","modified_gmt":"2014-10-10T01:12:50","slug":"coco-gaita","status":"publish","type":"post","link":"https:\/\/nuestragaita.com\/?p=3530","title":{"rendered":"Coco Gaita"},"content":{"rendered":"<p><a href=\"https:\/\/nuestragaita.com\/wp-content\/uploads\/2014\/10\/cocogaita.jpg\" style=\"text-decoration: underline;\"><img loading=\"lazy\" decoding=\"async\" data-attachment-id=\"3531\" data-permalink=\"https:\/\/nuestragaita.com\/?attachment_id=3531\" data-orig-file=\"https:\/\/nuestragaita.com\/wp-content\/uploads\/2014\/10\/cocogaita.jpg\" data-orig-size=\"960,877\" data-comments-opened=\"1\" data-image-meta=\"{&quot;aperture&quot;:&quot;0&quot;,&quot;credit&quot;:&quot;&quot;,&quot;camera&quot;:&quot;&quot;,&quot;caption&quot;:&quot;&quot;,&quot;created_timestamp&quot;:&quot;0&quot;,&quot;copyright&quot;:&quot;&quot;,&quot;focal_length&quot;:&quot;0&quot;,&quot;iso&quot;:&quot;0&quot;,&quot;shutter_speed&quot;:&quot;0&quot;,&quot;title&quot;:&quot;&quot;}\" data-image-title=\"cocogaita\" data-image-description=\"\" data-medium-file=\"https:\/\/nuestragaita.com\/wp-content\/uploads\/2014\/10\/cocogaita-300x274.jpg\" data-large-file=\"https:\/\/nuestragaita.com\/wp-content\/uploads\/2014\/10\/cocogaita.jpg\" src=\"https:\/\/nuestragaita.com\/wp-content\/uploads\/2014\/10\/cocogaita.jpg\" title=\"cocogaita\" width=\"360\" height=\"277\" class=\"alignleft  wp-image-3531\" \/><\/a>Con la finalidad de \u00a0motivar en los j\u00f3venes de la comunidad de los Cocos, Puerto Cabello &#8211; Edo, Carabobo, \u00a0el inter\u00e9s de transitar por el g\u00e9nero musical de la Gaita, nace el 16 de Octubre de 2002 la agrupaci\u00f3n Coco Gaita bajo la direcci\u00f3n del cantor popular\u00a0Jos\u00e9 \u201cCheo\u201d Manaure. Sus primeros toques en Canto a pesebres, reuniones de esquinas, eventos institucionales fueron moldeando y curtiendo a esta agrupaci\u00f3n .<\/p>\n<p>Es mucha la expectativa que gener\u00f3 Coco Gaita \u00a0debido al contenido popular expresado en su extenso repertorio con temas originales donde reflejan la cotidianidad, valores hist\u00f3ricos y culturales de su pueblo. En el a\u00f1o 2007, a solo 5 a\u00f1os de su fundaci\u00f3n, es reconocido por su comunidad como patrimonio cultural.<\/p>\n<p>Coco Gaita es reconocido por su \u00a0solidaridad manifiesta en el apoyo brindado a otras agrupaciones, sin importar su g\u00e9nero, en diferentes eventos. Ha compartido escenario con artistas de talla nacional e internacional como Maelo Ru\u00edz, Moncho Mart\u00ednez , el Conde del Gu\u00e1charo. Rodrigo Mendoza, Maracaibo 15, Gran Coquivacoa, Guaco, Francisco Pacheco y su pueblo, Oscar \u00b4D Le\u00f3n, Pakumbia, \u00a0entre otros.<\/p>\n<p>Hoy por hoy se ha constituido en referencia ineludible en lo que a gaita se refiere en el estado Carabobo. Es un ejemplo de trabajo, debido\u00a0 a la constancia en sus producciones discogr\u00e1ficas ya que en 9 a\u00f1os han logrado colocar sus producciones en los medios de difusi\u00f3n con esfuerzo propio y el apoyo de muchos amigos,sobre todo el de la radio, \u00a0que han cre\u00eddo con fe y sin condiciones en este proyecto.<\/p>\n<p>La primera producci\u00f3n se realiz\u00f3 en el a\u00f1o 2006, \u00a0titulada \u201cAlegra la Tradici\u00f3n\u201d que incluye temas como: \u201cCanto a Puerto Cabello\u201d, \u201cLa Gaita es la Fuerza\u201d y \u201cLa bullanguera\u201d, desde entonces Coco Gaita no ha dejado de trabajar participando todos los a\u00f1os con una nueva propuesta.<\/p>\n<p>La organizaci\u00f3n Pina Producciones, el 18 de Noviembre de 2011,\u00a0le otorga el premio \u00abLos mejores del a\u00f1o en Venezuela\u00bb como agrupaci\u00f3n gaitera del a\u00f1o.<\/p>\n<p>En el a\u00f1o 2012 entra a formar parte de Cocogaita <b>Ram\u00f3n Palma<\/b> como Productor Ejecutivo, compartiendo responsabilidades con <b>Jos\u00e9 Manaure<\/b>, quienes en conjunto empujan a la agrupaci\u00f3n hacia nuevos y ambiciosos horizontes, buscando proyectarse a nivel nacional. Es as\u00ed como en 2013 se decide grabar una nueva producci\u00f3n, apuntalada por los deseos de <b>Ram\u00f3n Palma<\/b> de escalar un pelda\u00f1o m\u00e1s, con invitados especiales como Ricardo Portillo, Jos\u00e9 Alberto Rodriguez \u201cPapupapa\u201d, Roger Oliva y Alfonso Mar\u00edn.<\/p>\n<p>Para esta temporada 2014, Cocogaita trae a su p\u00fablico 8 temas, compilados en un CD del cual destacan Jos\u00e9 Alberto Rodr\u00edguez \u201cPapupapa\u201d en el tema \u201cQue nunca muera el amor\u201d y Carlos M\u00e9ndez \u201c en el tema \u201c<b>Herencia\u201d<\/b>. Adem\u00e1s\u00a0Coco Gaita cumple 12 a\u00f1os de actividad ininterrumpida y nos tiene guardado un proyecto aniversario en un homenaje a los que por muchos a\u00f1os \u00a0han entregado su vida por proyectar a trav\u00e9s del arte musical las oportunidades que emergen del mar y de ese pedacito de cielo, como dijo aquel poeta.<\/p>\n<p>Para\u00a0 este a\u00f1o tambi\u00e9n presentan su p\u00e1gina web,<a href=\"http:\/\/www.cocogaita.com\/\">www.cocogaita.com<\/a> y twiter @cocogaita.<\/p>\n<p style=\"text-align: right;\">Fuente: Ram\u00f3n Palma<\/p>\n","protected":false},"excerpt":{"rendered":"Con la finalidad de \u00a0motivar en los j\u00f3venes de la comunidad de los Cocos, Puerto Cabello &#8211; Edo, Carabobo, \u00a0el inter\u00e9s de transitar por el g\u00e9nero musical de la Gaita, nace el 16 de Octubre de 2002 la agrupaci\u00f3n Coco Gaita bajo la direcci\u00f3n del cantor popular\u00a0Jos\u00e9 \u201cCheo\u201d Manaure. Sus primeros toques en Canto a pesebres, reuniones de esquinas, eventos institucionales fueron moldeando y curtiendo a esta agrupaci\u00f3n . Es mucha la expectativa que gener\u00f3 Coco Gaita \u00a0debido al contenido popular expresado en su extenso repertorio con temas originales donde reflejan la cotidianidad, valores hist\u00f3ricos y culturales de su pueblo. [&hellip;]","protected":false},"author":1,"featured_media":3531,"comment_status":"open","ping_status":"closed","sticky":false,"template":"","format":"standard","meta":{"spay_email":"","footnotes":"","jetpack_publicize_message":""},"categories":[22,3],"tags":[],"jetpack_featured_media_url":"https:\/\/nuestragaita.com\/wp-content\/uploads\/2014\/10\/cocogaita.jpg","jetpack_publicize_connections":[],"jetpack_sharing_enabled":true,"jetpack_shortlink":"https:\/\/wp.me\/p5ZLAL-UW","jetpack-related-posts":[],"_links":{"self":[{"href":"https:\/\/nuestragaita.com\/index.php?rest_route=\/wp\/v2\/posts\/3530"}],"collection":[{"href":"https:\/\/nuestragaita.com\/index.php?rest_route=\/wp\/v2\/posts"}],"about":[{"href":"https:\/\/nuestragaita.com\/index.php?rest_route=\/wp\/v2\/types\/post"}],"author":[{"embeddable":true,"href":"https:\/\/nuestragaita.com\/index.php?rest_route=\/wp\/v2\/users\/1"}],"replies":[{"embeddable":true,"href":"https:\/\/nuestragaita.com\/index.php?rest_route=%2Fwp%2Fv2%2Fcomments&post=3530"}],"version-history":[{"count":2,"href":"https:\/\/nuestragaita.com\/index.php?rest_route=\/wp\/v2\/posts\/3530\/revisions"}],"predecessor-version":[{"id":3533,"href":"https:\/\/nuestragaita.com\/index.php?rest_route=\/wp\/v2\/posts\/3530\/revisions\/3533"}],"wp:featuredmedia":[{"embeddable":true,"href":"https:\/\/nuestragaita.com\/index.php?rest_route=\/wp\/v2\/media\/3531"}],"wp:attachment":[{"href":"https:\/\/nuestragaita.com\/index.php?rest_route=%2Fwp%2Fv2%2Fmedia&parent=3530"}],"wp:term":[{"taxonomy":"category","embeddable":true,"href":"https:\/\/nuestragaita.com\/index.php?rest_route=%2Fwp%2Fv2%2Fcategories&post=3530"},{"taxonomy":"post_tag","embeddable":true,"href":"https:\/\/nuestragaita.com\/index.php?rest_route=%2Fwp%2Fv2%2Ftags&post=3530"}],"curies":[{"name":"wp","href":"https:\/\/api.w.org\/{rel}","templated":true}]}}