{"id":4142,"date":"2015-09-16T06:43:35","date_gmt":"2015-09-16T11:13:35","guid":{"rendered":"http:\/\/nuestragaita.com\/?p=4142"},"modified":"2015-09-16T07:04:34","modified_gmt":"2015-09-16T11:34:34","slug":"4142","status":"publish","type":"post","link":"https:\/\/nuestragaita.com\/?p=4142","title":{"rendered":"Gladys Vera la Reina de la Gaita"},"content":{"rendered":"<p><a href=\"https:\/\/nuestragaita.com\/wp-content\/uploads\/2015\/09\/gladys-vera-foto.jpg\"><img loading=\"lazy\" decoding=\"async\" data-attachment-id=\"4143\" data-permalink=\"https:\/\/nuestragaita.com\/?attachment_id=4143\" data-orig-file=\"https:\/\/nuestragaita.com\/wp-content\/uploads\/2015\/09\/gladys-vera-foto.jpg\" data-orig-size=\"462,502\" data-comments-opened=\"1\" data-image-meta=\"{&quot;aperture&quot;:&quot;0&quot;,&quot;credit&quot;:&quot;&quot;,&quot;camera&quot;:&quot;&quot;,&quot;caption&quot;:&quot;&quot;,&quot;created_timestamp&quot;:&quot;0&quot;,&quot;copyright&quot;:&quot;&quot;,&quot;focal_length&quot;:&quot;0&quot;,&quot;iso&quot;:&quot;0&quot;,&quot;shutter_speed&quot;:&quot;0&quot;,&quot;title&quot;:&quot;&quot;,&quot;orientation&quot;:&quot;0&quot;}\" data-image-title=\"gladys vera foto\" data-image-description=\"\" data-medium-file=\"https:\/\/nuestragaita.com\/wp-content\/uploads\/2015\/09\/gladys-vera-foto-276x300.jpg\" data-large-file=\"https:\/\/nuestragaita.com\/wp-content\/uploads\/2015\/09\/gladys-vera-foto.jpg\" src=\"https:\/\/nuestragaita.com\/wp-content\/uploads\/2015\/09\/gladys-vera-foto.jpg\" alt=\"gladys vera foto\" width=\"262\" height=\"302\" class=\"alignleft size-full wp-image-4143\" \/><\/a>Gladys Mercedes Vera Mora, nace en Maracaibo Estado Zulia, un 4 de julio del a\u00f1o 1949. De muy ni\u00f1a incursiona en la gaita como Furrera del conjunto Santa Cano\u00edta, luego junto a unos tantos gaiteros funda el conjunto Santanita, donde comienza su carrera como solista. Fueron varias las agrupaciones en las que Gladys dejo marcada su huella vocal y su calidad interpretativa; Cardenales del \u00e9xito, Colosales de Ricardo Cepeda, Maragaita, Los Compadres del \u00e9xito, Racoa y Los Chiquinquire\u00f1os son s\u00f3lo algunos conjuntos que dan fe de su labor profesional como Cantante. <\/p>\n<p>La sempiterna Reina de la Gaita fue designada patrimonio Musical del Estado Zulia en el a\u00f1o 1993. Amor Marginal, Anhelos, Yo soy la Gaita, Joya Diamantina, Por eso Gaita y Eternamente, entre otros temas, quedaron grabados en la mente y el coraz\u00f3n de la grey gaitera nacional e internacional.<\/p>\n<p>Gladys estuvo reclu\u00edda en la unidad de cuidados intensivos del Hospital Cl\u00ednico de Maracaibo, desde el s\u00e1bado 5 de septiembre de 2015, v\u00edctima de una infecci\u00f3n respiratoria, pero la enfermedad del lupus contra la cual hab\u00eda luchado por muchos a\u00f1os le pas\u00f3 factura y no pudo recuperarse totalmente de la mencionada infecci\u00f3n. <\/p>\n<p>Luego de presentar un cuadro cl\u00ednico delicado comienza a dar se\u00f1ales de mejor\u00eda pero el lunes 14 de septiembre, en horas de la tarde, Dios dispuso de su alma. A sus 66 a\u00f1os, deja el plano terrenal para encontrarse en otra dimensi\u00f3n con tantos grandes gaiteros que se han ido.<\/p>\n<p>Los restos de la \u201cSempiterna Reina de la Gaita\u201d ser\u00e1n velados en el sal\u00f3n parroquial de la Bas\u00edlica de Nuestra Se\u00f1ora de Chiquinquir\u00e1 en la ciudad de Maracaibo. <\/p>\n<p>H\u00e9ctor \u00abPomponio\u00bb M\u00e1rquez<\/p>\n","protected":false},"excerpt":{"rendered":"Gladys Mercedes Vera Mora, nace en Maracaibo Estado Zulia, un 4 de julio del a\u00f1o 1949. De muy ni\u00f1a incursiona en la gaita como Furrera del conjunto Santa Cano\u00edta, luego junto a unos tantos gaiteros funda el conjunto Santanita, donde comienza su carrera como solista. Fueron varias las agrupaciones en las que Gladys dejo marcada su huella vocal y su calidad interpretativa; Cardenales del \u00e9xito, Colosales de Ricardo Cepeda, Maragaita, Los Compadres del \u00e9xito, Racoa y Los Chiquinquire\u00f1os son s\u00f3lo algunos conjuntos que dan fe de su labor profesional como Cantante. La sempiterna Reina de la Gaita fue designada patrimonio [&hellip;]","protected":false},"author":1,"featured_media":4143,"comment_status":"open","ping_status":"closed","sticky":false,"template":"","format":"standard","meta":{"spay_email":"","footnotes":"","jetpack_publicize_message":""},"categories":[10,3,11],"tags":[],"jetpack_featured_media_url":"https:\/\/nuestragaita.com\/wp-content\/uploads\/2015\/09\/gladys-vera-foto.jpg","jetpack_publicize_connections":[],"jetpack_sharing_enabled":true,"jetpack_shortlink":"https:\/\/wp.me\/s5ZLAL-4142","jetpack-related-posts":[],"_links":{"self":[{"href":"https:\/\/nuestragaita.com\/index.php?rest_route=\/wp\/v2\/posts\/4142"}],"collection":[{"href":"https:\/\/nuestragaita.com\/index.php?rest_route=\/wp\/v2\/posts"}],"about":[{"href":"https:\/\/nuestragaita.com\/index.php?rest_route=\/wp\/v2\/types\/post"}],"author":[{"embeddable":true,"href":"https:\/\/nuestragaita.com\/index.php?rest_route=\/wp\/v2\/users\/1"}],"replies":[{"embeddable":true,"href":"https:\/\/nuestragaita.com\/index.php?rest_route=%2Fwp%2Fv2%2Fcomments&post=4142"}],"version-history":[{"count":4,"href":"https:\/\/nuestragaita.com\/index.php?rest_route=\/wp\/v2\/posts\/4142\/revisions"}],"predecessor-version":[{"id":4147,"href":"https:\/\/nuestragaita.com\/index.php?rest_route=\/wp\/v2\/posts\/4142\/revisions\/4147"}],"wp:featuredmedia":[{"embeddable":true,"href":"https:\/\/nuestragaita.com\/index.php?rest_route=\/wp\/v2\/media\/4143"}],"wp:attachment":[{"href":"https:\/\/nuestragaita.com\/index.php?rest_route=%2Fwp%2Fv2%2Fmedia&parent=4142"}],"wp:term":[{"taxonomy":"category","embeddable":true,"href":"https:\/\/nuestragaita.com\/index.php?rest_route=%2Fwp%2Fv2%2Fcategories&post=4142"},{"taxonomy":"post_tag","embeddable":true,"href":"https:\/\/nuestragaita.com\/index.php?rest_route=%2Fwp%2Fv2%2Ftags&post=4142"}],"curies":[{"name":"wp","href":"https:\/\/api.w.org\/{rel}","templated":true}]}}