{"id":4207,"date":"2015-10-01T21:01:35","date_gmt":"2015-10-02T01:31:35","guid":{"rendered":"http:\/\/nuestragaita.com\/?p=4207"},"modified":"2015-10-01T21:01:35","modified_gmt":"2015-10-02T01:31:35","slug":"amanecer-gaitero-en-nueva-york","status":"publish","type":"post","link":"https:\/\/nuestragaita.com\/?p=4207","title":{"rendered":"Amanecer Gaitero en Nueva York"},"content":{"rendered":"<p><a href=\"https:\/\/nuestragaita.com\/wp-content\/uploads\/2015\/10\/amanecergaiteroNY.jpg\"><img loading=\"lazy\" decoding=\"async\" data-attachment-id=\"4208\" data-permalink=\"https:\/\/nuestragaita.com\/?attachment_id=4208\" data-orig-file=\"https:\/\/nuestragaita.com\/wp-content\/uploads\/2015\/10\/amanecergaiteroNY.jpg\" data-orig-size=\"364,502\" data-comments-opened=\"1\" data-image-meta=\"{&quot;aperture&quot;:&quot;0&quot;,&quot;credit&quot;:&quot;&quot;,&quot;camera&quot;:&quot;&quot;,&quot;caption&quot;:&quot;&quot;,&quot;created_timestamp&quot;:&quot;0&quot;,&quot;copyright&quot;:&quot;&quot;,&quot;focal_length&quot;:&quot;0&quot;,&quot;iso&quot;:&quot;0&quot;,&quot;shutter_speed&quot;:&quot;0&quot;,&quot;title&quot;:&quot;&quot;,&quot;orientation&quot;:&quot;0&quot;}\" data-image-title=\"amanecergaiteroNY\" data-image-description=\"\" data-medium-file=\"https:\/\/nuestragaita.com\/wp-content\/uploads\/2015\/10\/amanecergaiteroNY-218x300.jpg\" data-large-file=\"https:\/\/nuestragaita.com\/wp-content\/uploads\/2015\/10\/amanecergaiteroNY.jpg\" src=\"https:\/\/nuestragaita.com\/wp-content\/uploads\/2015\/10\/amanecergaiteroNY.jpg\" alt=\"amanecergaiteroNY\" width=\"314\" height=\"452\" class=\"alignleft size-full wp-image-4208\" \/><\/a>El pr\u00f3ximo 25 de Noviembre en v\u00edspera del D\u00eda de Acci\u00f3n de Gracia, conocida festividad norteamericana, se llevar\u00e1 a cabo el S\u00e9ptimo Amanecer Gaitero en la ciudad de Nueva York.<\/p>\n<p>Este evento organizado por JC Productions viene creciendo a\u00f1o tras a\u00f1o e innovendo constantemente para ofrecer al p\u00fablico Venezolano y de otras nacionales lo mejor de la Gaita. Han sido varias las personalidades invitadas en las anteriores ediciones y para este a\u00f1o la responsabilidad recae sobre la agrupaci\u00f3n Swing Gaitero, liderizado por Juan Carlos Arcaya, y otras representaciones art\u00edsticas como Barba Roja y DJChamo.<\/p>\n<p>La cita de este s\u00e9ptimo amanecer gaitero en NY es, a partir de las 8 PM, en 84-16 Northern blvd &#8211; Jackson Heights NY.<\/p>\n<p>No te lo pierdas!!!<\/p>\n","protected":false},"excerpt":{"rendered":"El pr\u00f3ximo 25 de Noviembre en v\u00edspera del D\u00eda de Acci\u00f3n de Gracia, conocida festividad norteamericana, se llevar\u00e1 a cabo el S\u00e9ptimo Amanecer Gaitero en la ciudad de Nueva York. Este evento organizado por JC Productions viene creciendo a\u00f1o tras a\u00f1o e innovendo constantemente para ofrecer al p\u00fablico Venezolano y de otras nacionales lo mejor de la Gaita. Han sido varias las personalidades invitadas en las anteriores ediciones y para este a\u00f1o la responsabilidad recae sobre la agrupaci\u00f3n Swing Gaitero, liderizado por Juan Carlos Arcaya, y otras representaciones art\u00edsticas como Barba Roja y DJChamo. La cita de este s\u00e9ptimo amanecer [&hellip;]","protected":false},"author":1,"featured_media":4208,"comment_status":"open","ping_status":"closed","sticky":false,"template":"","format":"standard","meta":{"spay_email":"","footnotes":"","jetpack_publicize_message":""},"categories":[3],"tags":[],"jetpack_featured_media_url":"https:\/\/nuestragaita.com\/wp-content\/uploads\/2015\/10\/amanecergaiteroNY.jpg","jetpack_publicize_connections":[],"jetpack_sharing_enabled":true,"jetpack_shortlink":"https:\/\/wp.me\/p5ZLAL-15R","jetpack-related-posts":[],"_links":{"self":[{"href":"https:\/\/nuestragaita.com\/index.php?rest_route=\/wp\/v2\/posts\/4207"}],"collection":[{"href":"https:\/\/nuestragaita.com\/index.php?rest_route=\/wp\/v2\/posts"}],"about":[{"href":"https:\/\/nuestragaita.com\/index.php?rest_route=\/wp\/v2\/types\/post"}],"author":[{"embeddable":true,"href":"https:\/\/nuestragaita.com\/index.php?rest_route=\/wp\/v2\/users\/1"}],"replies":[{"embeddable":true,"href":"https:\/\/nuestragaita.com\/index.php?rest_route=%2Fwp%2Fv2%2Fcomments&post=4207"}],"version-history":[{"count":4,"href":"https:\/\/nuestragaita.com\/index.php?rest_route=\/wp\/v2\/posts\/4207\/revisions"}],"predecessor-version":[{"id":4212,"href":"https:\/\/nuestragaita.com\/index.php?rest_route=\/wp\/v2\/posts\/4207\/revisions\/4212"}],"wp:featuredmedia":[{"embeddable":true,"href":"https:\/\/nuestragaita.com\/index.php?rest_route=\/wp\/v2\/media\/4208"}],"wp:attachment":[{"href":"https:\/\/nuestragaita.com\/index.php?rest_route=%2Fwp%2Fv2%2Fmedia&parent=4207"}],"wp:term":[{"taxonomy":"category","embeddable":true,"href":"https:\/\/nuestragaita.com\/index.php?rest_route=%2Fwp%2Fv2%2Fcategories&post=4207"},{"taxonomy":"post_tag","embeddable":true,"href":"https:\/\/nuestragaita.com\/index.php?rest_route=%2Fwp%2Fv2%2Ftags&post=4207"}],"curies":[{"name":"wp","href":"https:\/\/api.w.org\/{rel}","templated":true}]}}