{"id":4236,"date":"2015-10-11T19:24:31","date_gmt":"2015-10-11T23:54:31","guid":{"rendered":"http:\/\/nuestragaita.com\/?p=4236"},"modified":"2015-10-17T11:39:56","modified_gmt":"2015-10-17T16:09:56","slug":"exodo-proclamada-gaita-internacional-2015","status":"publish","type":"post","link":"https:\/\/nuestragaita.com\/?p=4236","title":{"rendered":"\u00c9XODO, Proclamada Gaita Internacional 2015"},"content":{"rendered":"<p>La noche del viernes 09 de Octubre se visti\u00f3 de gala con la edici\u00f3n 2015 del majestuoso y afamado premio zuliano \u00abChiquinquir\u00e1 de Oro\u00bb en la ciudad de Maracaibo.<\/p>\n<p>Gisela y Germ\u00e1n Campos, Fundadores y Directivos de este importante galard\u00f3n, brindaron homenaje tanto a empresarios y personalidades del medio laboral como tambi\u00e9n del ambiente art\u00edstico nacional e internacional.<\/p>\n<p>Prec\u00edsamente en lo que respecta al \u00e1mbito internacional, a partir de este a\u00f1o, los hermanos Campos crearon la presea \u00abChiquinquir\u00e1 Internacional\u00bb la cual inaugura su entrega con la premiaci\u00f3n del tema \u00ab\u00c9XODO\u00bb como Gaita Internacional del A\u00f1o.<\/p>\n<p><a href=\"https:\/\/nuestragaita.com\/wp-content\/uploads\/2015\/10\/DSC07672.jpg\"><img loading=\"lazy\" decoding=\"async\" data-attachment-id=\"4237\" data-permalink=\"https:\/\/nuestragaita.com\/?attachment_id=4237\" data-orig-file=\"https:\/\/nuestragaita.com\/wp-content\/uploads\/2015\/10\/DSC07672.jpg\" data-orig-size=\"1879,1064\" data-comments-opened=\"1\" data-image-meta=\"{&quot;aperture&quot;:&quot;3.3&quot;,&quot;credit&quot;:&quot;&quot;,&quot;camera&quot;:&quot;DSC-W170&quot;,&quot;caption&quot;:&quot;&quot;,&quot;created_timestamp&quot;:&quot;1201774555&quot;,&quot;copyright&quot;:&quot;&quot;,&quot;focal_length&quot;:&quot;5&quot;,&quot;iso&quot;:&quot;400&quot;,&quot;shutter_speed&quot;:&quot;0.0333333333333&quot;,&quot;title&quot;:&quot;&quot;,&quot;orientation&quot;:&quot;0&quot;}\" data-image-title=\"DSC07672\" data-image-description=\"\" data-medium-file=\"https:\/\/nuestragaita.com\/wp-content\/uploads\/2015\/10\/DSC07672-300x170.jpg\" data-large-file=\"https:\/\/nuestragaita.com\/wp-content\/uploads\/2015\/10\/DSC07672-1024x580.jpg\" src=\"https:\/\/nuestragaita.com\/wp-content\/uploads\/2015\/10\/DSC07672-1024x580.jpg\" alt=\"DSC07672\" width=\"1024\" height=\"580\" class=\"alignleft size-large wp-image-4237\" srcset=\"https:\/\/nuestragaita.com\/wp-content\/uploads\/2015\/10\/DSC07672-1024x580.jpg 1024w, https:\/\/nuestragaita.com\/wp-content\/uploads\/2015\/10\/DSC07672-300x170.jpg 300w, https:\/\/nuestragaita.com\/wp-content\/uploads\/2015\/10\/DSC07672.jpg 1879w\" sizes=\"(max-width: 1024px) 100vw, 1024px\" \/><\/a> Alexander Paz (Director de Gaiteros de Soluz), Aleyni Paz (Solista) y Neilo Jr. Narv\u00e1ez (Compositor)<\/p>\n<p>\u00ab\u00c9xodo\u00bb compuesta magistralmente por Neilo Jr. Narv\u00e1ez y cantada de forma extraordinaria por la joven Aleyni Paz con la agrupaci\u00f3n de la Universidad del Zulia \u00abGaiteros de Soluz\u00bb, ha sido el tema m\u00e1s reproducido y compartido en el mundo entero. En apenas 3 meses de su lanzamiento ha alcanzado m\u00e1s de 700 Mil vistas que le dan el privilegio de ser conocido como el \u00abHimno de los Venezolanos en el exterior\u00bb por el contendio social y de protesta que describe la lamentable realidad de la Venezuela de hoy.<\/p>\n<p>A pesar del cerco en emisoras radiales y plantas televisivas del estado o vinculadas al gobierno nacional, sin contar a los personeros que han tratado de hacer una campa\u00f1a en contra o hacer descr\u00e9dito de la evidente calidad con la que \u00c9XODO ha llegado al coraz\u00f3n de todos los Venezolanos en el planeta, esta Gaita ha vencido todos los obst\u00e1culos para erigirse como la m\u00e1s importante en este a\u00f1o: la Gaita Internacional 2015.<\/p>\n<p>Tambi\u00e9n ha echado por tierra todos los mitos que se han tejido en el ambiente gaitero sobre los supuestos requisitos para ser gaita del a\u00f1o: \u00c9xodo es interpretada por una voz femenina naciente, una agrupaci\u00f3n institucional y adem\u00e1s es de un compositor caraque\u00f1o. Lo que demuestra que cuando hay talento y pasi\u00f3n en lo que se hace no se puede esperar otra cosa que la llegada del \u00e9xito.<\/p>\n<p>El \u00abChiquinquir\u00e1 de Oro\u00bb tambi\u00e9n premi\u00f3 a Eli David Pulido como Solista Infantil Gaitero, un ni\u00f1o que se pierde de vista como cantante y artista. A Daniela Palma como Int\u00e9rprete Femenina de la Gaita, quien hizo un homenaje a la reci\u00e9n fallecida Gladys Vera demostrando sus dotes como cantante. A Jos\u00e9 Luis Vargas por su excelente trayectoria como autor gaitero de muchos conjuntos quienes han alcanzado incluso el reconocimiento de Gaitas del A\u00f1o. A Adolfo Naveda como Locutor y a la Gaita de 1810 del grupo Gaita Nuestra como Gaita Tradicional.<\/p>\n<p><span class=\"embed-youtube\" style=\"text-align:center; display: block;\"><iframe class='youtube-player' type='text\/html' width='640' height='360' src='https:\/\/www.youtube.com\/embed\/cN2E8vQjJdE?version=3&#038;rel=1&#038;fs=1&#038;autohide=2&#038;showsearch=0&#038;showinfo=1&#038;iv_load_policy=1&#038;wmode=transparent' allowfullscreen='true' style='border:0;'><\/iframe><\/span><\/p>\n","protected":false},"excerpt":{"rendered":"La noche del viernes 09 de Octubre se visti\u00f3 de gala con la edici\u00f3n 2015 del majestuoso y afamado premio zuliano \u00abChiquinquir\u00e1 de Oro\u00bb en la ciudad de Maracaibo. Gisela y Germ\u00e1n Campos, Fundadores y Directivos de este importante galard\u00f3n, brindaron homenaje tanto a empresarios y personalidades del medio laboral como tambi\u00e9n del ambiente art\u00edstico nacional e internacional. Prec\u00edsamente en lo que respecta al \u00e1mbito internacional, a partir de este a\u00f1o, los hermanos Campos crearon la presea \u00abChiquinquir\u00e1 Internacional\u00bb la cual inaugura su entrega con la premiaci\u00f3n del tema \u00ab\u00c9XODO\u00bb como Gaita Internacional del A\u00f1o. Alexander Paz (Director de Gaiteros [&hellip;]","protected":false},"author":1,"featured_media":4237,"comment_status":"open","ping_status":"closed","sticky":false,"template":"","format":"standard","meta":{"spay_email":"","footnotes":"","jetpack_publicize_message":""},"categories":[3,14],"tags":[],"jetpack_featured_media_url":"https:\/\/nuestragaita.com\/wp-content\/uploads\/2015\/10\/DSC07672.jpg","jetpack_publicize_connections":[],"jetpack_sharing_enabled":true,"jetpack_shortlink":"https:\/\/wp.me\/p5ZLAL-16k","jetpack-related-posts":[],"_links":{"self":[{"href":"https:\/\/nuestragaita.com\/index.php?rest_route=\/wp\/v2\/posts\/4236"}],"collection":[{"href":"https:\/\/nuestragaita.com\/index.php?rest_route=\/wp\/v2\/posts"}],"about":[{"href":"https:\/\/nuestragaita.com\/index.php?rest_route=\/wp\/v2\/types\/post"}],"author":[{"embeddable":true,"href":"https:\/\/nuestragaita.com\/index.php?rest_route=\/wp\/v2\/users\/1"}],"replies":[{"embeddable":true,"href":"https:\/\/nuestragaita.com\/index.php?rest_route=%2Fwp%2Fv2%2Fcomments&post=4236"}],"version-history":[{"count":7,"href":"https:\/\/nuestragaita.com\/index.php?rest_route=\/wp\/v2\/posts\/4236\/revisions"}],"predecessor-version":[{"id":4242,"href":"https:\/\/nuestragaita.com\/index.php?rest_route=\/wp\/v2\/posts\/4236\/revisions\/4242"}],"wp:featuredmedia":[{"embeddable":true,"href":"https:\/\/nuestragaita.com\/index.php?rest_route=\/wp\/v2\/media\/4237"}],"wp:attachment":[{"href":"https:\/\/nuestragaita.com\/index.php?rest_route=%2Fwp%2Fv2%2Fmedia&parent=4236"}],"wp:term":[{"taxonomy":"category","embeddable":true,"href":"https:\/\/nuestragaita.com\/index.php?rest_route=%2Fwp%2Fv2%2Fcategories&post=4236"},{"taxonomy":"post_tag","embeddable":true,"href":"https:\/\/nuestragaita.com\/index.php?rest_route=%2Fwp%2Fv2%2Ftags&post=4236"}],"curies":[{"name":"wp","href":"https:\/\/api.w.org\/{rel}","templated":true}]}}