{"id":4398,"date":"2016-04-19T20:19:32","date_gmt":"2016-04-20T00:49:32","guid":{"rendered":"http:\/\/nuestragaita.com\/?p=4398"},"modified":"2016-04-20T05:52:26","modified_gmt":"2016-04-20T10:22:26","slug":"nuestragaita-com-ahora-a-la-prensa-internacional","status":"publish","type":"post","link":"https:\/\/nuestragaita.com\/?p=4398","title":{"rendered":"NuestraGaita.Com ahora a la Prensa Internacional"},"content":{"rendered":"<p><a href=\"https:\/\/nuestragaita.com\/wp-content\/uploads\/2016\/04\/Miguel-Mundo-y-Neilo-Narvaez.jpg\"><img loading=\"lazy\" decoding=\"async\" data-attachment-id=\"4399\" data-permalink=\"https:\/\/nuestragaita.com\/?attachment_id=4399\" data-orig-file=\"https:\/\/nuestragaita.com\/wp-content\/uploads\/2016\/04\/Miguel-Mundo-y-Neilo-Narvaez.jpg\" data-orig-size=\"960,540\" data-comments-opened=\"1\" data-image-meta=\"{&quot;aperture&quot;:&quot;0&quot;,&quot;credit&quot;:&quot;&quot;,&quot;camera&quot;:&quot;&quot;,&quot;caption&quot;:&quot;&quot;,&quot;created_timestamp&quot;:&quot;0&quot;,&quot;copyright&quot;:&quot;&quot;,&quot;focal_length&quot;:&quot;0&quot;,&quot;iso&quot;:&quot;0&quot;,&quot;shutter_speed&quot;:&quot;0&quot;,&quot;title&quot;:&quot;&quot;,&quot;orientation&quot;:&quot;0&quot;}\" data-image-title=\"Miguel  Mundo y Neilo Narvaez\" data-image-description=\"\" data-medium-file=\"https:\/\/nuestragaita.com\/wp-content\/uploads\/2016\/04\/Miguel-Mundo-y-Neilo-Narvaez-300x169.jpg\" data-large-file=\"https:\/\/nuestragaita.com\/wp-content\/uploads\/2016\/04\/Miguel-Mundo-y-Neilo-Narvaez.jpg\" class=\" size-full wp-image-4399 aligncenter\" src=\"https:\/\/nuestragaita.com\/wp-content\/uploads\/2016\/04\/Miguel-Mundo-y-Neilo-Narvaez.jpg\" alt=\"Miguel  Mundo y Neilo Narvaez\" width=\"960\" height=\"540\" srcset=\"https:\/\/nuestragaita.com\/wp-content\/uploads\/2016\/04\/Miguel-Mundo-y-Neilo-Narvaez.jpg 960w, https:\/\/nuestragaita.com\/wp-content\/uploads\/2016\/04\/Miguel-Mundo-y-Neilo-Narvaez-300x169.jpg 300w, https:\/\/nuestragaita.com\/wp-content\/uploads\/2016\/04\/Miguel-Mundo-y-Neilo-Narvaez-500x281.jpg 500w\" sizes=\"(max-width: 960px) 100vw, 960px\" \/><\/a>\u00c9ste jueves 20 de abril de 2016, se escribe una nueva p\u00e1gina en la Gaita Venezolana y cuando decimos \u201cse escribe\u201d hablamos literalmente, porque se inaugura la columna NuestraGaita.Com en el peri\u00f3dico \u201cEl Venezolano\u201d de Orlando, USA.<\/p>\n<p>Luego de varios a\u00f1os de reposo en la prensa escrita, donde esa columna durante media d\u00e9cada ocup\u00f3 espacios en los diarios nacionales como \u201cEl Mundo\u201d y \u201cMeridiano\u201d, el equipo del primer portal gaitero de Venezuela regresa ahora para realizar una emisi\u00f3n internacional, cada quince d\u00edas, en el peri\u00f3dico venezolano m\u00e1s importante de esa localidad.<\/p>\n<p>NuestraGaita.Com, siempre a la vanguardia de la internacionalizaci\u00f3n del g\u00e9nero, da un nuevo e importante paso en pro de la difusi\u00f3n y proyecci\u00f3n de la reina del folclor, de sus cultores, de sus int\u00e9rpretes y sus compositores.<\/p>\n<p>Todo el g\u00e9nero tiene ahora con NuestraGaita.Com una nueva posibilidad de dar a conocer su trayectoria y sus nuevos proyectos en los Estados Unidos y m\u00e1s espec\u00edficamente en la zona central del estado de la Florida. \u00a0La publicaci\u00f3n en internet mediante elvenezolanonews.com, junto al portal nuestragaita.com, aporta adem\u00e1s un alcance mundial.<\/p>\n<p>El profesionalismo, la calidad y la experiencia tanto de El Venezolano como de NuestraGaita.Com, dos bastiones especializados en sus \u00e1reas, se convierten en la combinaci\u00f3n perfecta para mantener informados ver\u00e1s y eficazmente a los Venezolanos del mundo entero.<\/p>\n<p>En la gr\u00e1fica vemos a Miguel Mundo, Coordinador General de El Venezolano Orlando, junto a Neilo \u201cJunior\u201d Narv\u00e1ez, Director de NuestraGaita.Com.<\/p>\n<p>No se pierda la primera edici\u00f3n internacional de NuestraGaita.Com en el peri\u00f3dico El Venezolano de Orlando!!!<\/p>\n","protected":false},"excerpt":{"rendered":"\u00c9ste jueves 20 de abril de 2016, se escribe una nueva p\u00e1gina en la Gaita Venezolana y cuando decimos \u201cse escribe\u201d hablamos literalmente, porque se inaugura la columna NuestraGaita.Com en el peri\u00f3dico \u201cEl Venezolano\u201d de Orlando, USA. Luego de varios a\u00f1os de reposo en la prensa escrita, donde esa columna durante media d\u00e9cada ocup\u00f3 espacios en los diarios nacionales como \u201cEl Mundo\u201d y \u201cMeridiano\u201d, el equipo del primer portal gaitero de Venezuela regresa ahora para realizar una emisi\u00f3n internacional, cada quince d\u00edas, en el peri\u00f3dico venezolano m\u00e1s importante de esa localidad. NuestraGaita.Com, siempre a la vanguardia de la internacionalizaci\u00f3n del [&hellip;]","protected":false},"author":1,"featured_media":4399,"comment_status":"open","ping_status":"closed","sticky":false,"template":"","format":"standard","meta":{"spay_email":"","footnotes":"","jetpack_publicize_message":""},"categories":[3,14],"tags":[],"jetpack_featured_media_url":"https:\/\/nuestragaita.com\/wp-content\/uploads\/2016\/04\/Miguel-Mundo-y-Neilo-Narvaez.jpg","jetpack_publicize_connections":[],"jetpack_sharing_enabled":true,"jetpack_shortlink":"https:\/\/wp.me\/p5ZLAL-18W","jetpack-related-posts":[],"_links":{"self":[{"href":"https:\/\/nuestragaita.com\/index.php?rest_route=\/wp\/v2\/posts\/4398"}],"collection":[{"href":"https:\/\/nuestragaita.com\/index.php?rest_route=\/wp\/v2\/posts"}],"about":[{"href":"https:\/\/nuestragaita.com\/index.php?rest_route=\/wp\/v2\/types\/post"}],"author":[{"embeddable":true,"href":"https:\/\/nuestragaita.com\/index.php?rest_route=\/wp\/v2\/users\/1"}],"replies":[{"embeddable":true,"href":"https:\/\/nuestragaita.com\/index.php?rest_route=%2Fwp%2Fv2%2Fcomments&post=4398"}],"version-history":[{"count":2,"href":"https:\/\/nuestragaita.com\/index.php?rest_route=\/wp\/v2\/posts\/4398\/revisions"}],"predecessor-version":[{"id":4401,"href":"https:\/\/nuestragaita.com\/index.php?rest_route=\/wp\/v2\/posts\/4398\/revisions\/4401"}],"wp:featuredmedia":[{"embeddable":true,"href":"https:\/\/nuestragaita.com\/index.php?rest_route=\/wp\/v2\/media\/4399"}],"wp:attachment":[{"href":"https:\/\/nuestragaita.com\/index.php?rest_route=%2Fwp%2Fv2%2Fmedia&parent=4398"}],"wp:term":[{"taxonomy":"category","embeddable":true,"href":"https:\/\/nuestragaita.com\/index.php?rest_route=%2Fwp%2Fv2%2Fcategories&post=4398"},{"taxonomy":"post_tag","embeddable":true,"href":"https:\/\/nuestragaita.com\/index.php?rest_route=%2Fwp%2Fv2%2Ftags&post=4398"}],"curies":[{"name":"wp","href":"https:\/\/api.w.org\/{rel}","templated":true}]}}